{"id":10648,"date":"2024-03-18T13:33:35","date_gmt":"2024-03-18T13:33:35","guid":{"rendered":"https:\/\/casparberger.com\/non-classifiee\/interview-sur-les-installations-video-in-case-et-cordon-sanitaire\/"},"modified":"2024-04-12T12:10:00","modified_gmt":"2024-04-12T12:10:00","slug":"interview-sur-les-installations-video-in-case-et-cordon-sanitaire","status":"publish","type":"post","link":"https:\/\/casparberger.com\/fr\/points-de-vue\/interview-sur-les-installations-video-in-case-et-cordon-sanitaire\/","title":{"rendered":"Interview sur les installations vid\u00e9o In Case et Cordon Sanitaire"},"content":{"rendered":"\n<p><strong>Arjan Ribbens, journaliste au CNR, a rendu visite \u00e0 Caspar Berger dans son studio et l&#8217;a interview\u00e9 sur ses nouvelles installations vid\u00e9o In Case et Cordon Sanitaire.<\/strong><\/p>\n\n<blockquote class=\"wp-block-quote is-layout-flow wp-block-quote-is-layout-flow\">\n<p><strong>&#8220;<em>Je me sers de mon corps comme d&#8217;un v\u00e9hicule pour mes id\u00e9es.<\/em><\/strong><\/p>\n<cite><strong><em>&#8211; Caspar Berger<\/em><\/strong><\/cite><\/blockquote>\n\n<p>Cet article sur les installations vid\u00e9o In Case et Cordon Sanitaire est paru dans le suppl\u00e9ment culturel du jeudi 28 mai 2020.  <\/p>\n\n<h2 class=\"wp-block-heading\">Installation vid\u00e9o sur Donald Trump<\/h2>\n\n<p>Arjan Ribbens a rendu visite \u00e0 Caspar Berger dans son studio d&#8217;Amsterdam lors de la premi\u00e8re fermeture de corona. L\u00e0, Casper lui montre son installation vid\u00e9o <a href=\"https:\/\/casparberger.com\/fr\/univers\/en-cas\/\" data-type=\"post\" data-id=\"2723\">In Case<\/a>, sur le pr\u00e9sident am\u00e9ricain Donald Trump. M. Ribbens a \u00e9galement visionn\u00e9 <a href=\"https:\/\/casparberger.com\/fr\/univers\/cordon-sanitaire\/\" data-type=\"post\" data-id=\"2749\">Cordon Sanitaire<\/a>, l&#8217;installation vid\u00e9o sur laquelle travaille actuellement M. Caspar.<\/p>\n\n<h2 class=\"wp-block-heading\">Installation vid\u00e9o sur les discours des chefs d&#8217;\u00c9tat et de gouvernement de l&#8217;UE<\/h2>\n\n<p>L&#8217;installation vid\u00e9o <em>Cordon Sanitaire<\/em> montre des extraits des discours coronaires des 27 dirigeants de l&#8217;UE du d\u00e9but des ann\u00e9es 2020. Dans ces discours, les dirigeants de l&#8217;UE ont annonc\u00e9 leurs mesures corona. Dans le <em>Cordon Sanitaire<\/em>, les discours commencent peu apr\u00e8s, sur la propagation du Coronavirus en Europe. M\u00eame dans le son qui accompagne la vid\u00e9o, les voix se succ\u00e8dent rapidement. Le texte des premiers orateurs peut encore \u00eatre compris, mais les nombreux orateurs se noient rapidement les uns dans les autres. Cela cr\u00e9e un paysage sonore qui entoure compl\u00e8tement le spectateur. Vous entendrez deux mots qui reviennent tout au long des 27 discours : &#8220;corona&#8221; et &#8220;solidarit\u00e9&#8221;. Mais o\u00f9 est cette solidarit\u00e9 ?<\/p>\n\n<blockquote class=\"wp-block-quote is-layout-flow wp-block-quote-is-layout-flow\">\n<p>&#8220;D\u00e8s que l&#8217;Europe doit lutter \u00e0 l&#8217;unisson contre une crise, c&#8217;est toujours l&#8217;inverse qui se produit : on ferme les fronti\u00e8res et on s&#8217;occupe d&#8217;abord des gens.<\/p>\n<cite>&#8211; Caspar Berger<\/cite><\/blockquote>\n\n<p class=\"has-small-font-size\"><em><a href=\"https:\/\/casparberger.com\/wp-content\/uploads\/2024\/03\/casparberger-nrc.pdf\" data-type=\"link\" data-id=\"https:\/\/casparberger.com\/wp-content\/uploads\/2024\/03\/casparberger-nrc.pdf\">Lire l&#8217;int\u00e9gralit\u00e9 de l&#8217;entretien du CNR avec Caspar Berger (pdf)<\/a><\/em><\/p>\n\n<p class=\"has-small-font-size\"><a href=\"https:\/\/www.nrc.nl\/nieuws\/2020\/05\/27\/ik-gebruik-mijn-lichaam-als-voertuig-voor-ideeen-a4001026\" data-type=\"link\" data-id=\"https:\/\/www.nrc.nl\/nieuws\/2020\/05\/27\/ik-gebruik-mijn-lichaam-als-voertuig-voor-ideeen-a4001026\" target=\"_blank\" rel=\"noopener\"><em>Lire l&#8217;interview de Caspar Berger sur le site du CNR<\/em><\/a><\/p>\n","protected":false},"excerpt":{"rendered":"<p>Arjan Ribbens, journaliste au CNR, a rendu visite \u00e0 Caspar Berger dans son studio et l&#8217;a interview\u00e9 sur ses nouvelles installations vid\u00e9o In Case et Cordon Sanitaire. &#8220;Je me sers de mon corps comme d&#8217;un v\u00e9hicule pour mes id\u00e9es. &#8211; Caspar Berger Cet article sur les installations vid\u00e9o In Case et Cordon Sanitaire est paru [&hellip;]<\/p>\n","protected":false},"author":1,"featured_media":10639,"comment_status":"open","ping_status":"open","sticky":false,"template":"","format":"standard","meta":{"_acf_changed":false,"footnotes":""},"categories":[171],"tags":[],"acf":[],"jetpack_featured_media_url":"https:\/\/casparberger.com\/wp-content\/uploads\/2024\/03\/cordon-sanitaire-1-1.webp","_links":{"self":[{"href":"https:\/\/casparberger.com\/fr\/wp-json\/wp\/v2\/posts\/10648"}],"collection":[{"href":"https:\/\/casparberger.com\/fr\/wp-json\/wp\/v2\/posts"}],"about":[{"href":"https:\/\/casparberger.com\/fr\/wp-json\/wp\/v2\/types\/post"}],"author":[{"embeddable":true,"href":"https:\/\/casparberger.com\/fr\/wp-json\/wp\/v2\/users\/1"}],"replies":[{"embeddable":true,"href":"https:\/\/casparberger.com\/fr\/wp-json\/wp\/v2\/comments?post=10648"}],"version-history":[{"count":7,"href":"https:\/\/casparberger.com\/fr\/wp-json\/wp\/v2\/posts\/10648\/revisions"}],"predecessor-version":[{"id":12818,"href":"https:\/\/casparberger.com\/fr\/wp-json\/wp\/v2\/posts\/10648\/revisions\/12818"}],"wp:featuredmedia":[{"embeddable":true,"href":"https:\/\/casparberger.com\/fr\/wp-json\/wp\/v2\/media\/10639"}],"wp:attachment":[{"href":"https:\/\/casparberger.com\/fr\/wp-json\/wp\/v2\/media?parent=10648"}],"wp:term":[{"taxonomy":"category","embeddable":true,"href":"https:\/\/casparberger.com\/fr\/wp-json\/wp\/v2\/categories?post=10648"},{"taxonomy":"post_tag","embeddable":true,"href":"https:\/\/casparberger.com\/fr\/wp-json\/wp\/v2\/tags?post=10648"}],"curies":[{"name":"wp","href":"https:\/\/api.w.org\/{rel}","templated":true}]}}