{"id":10651,"date":"2024-03-18T13:33:35","date_gmt":"2024-03-18T13:33:35","guid":{"rendered":"https:\/\/casparberger.com\/sin-categorizar\/entrevista-sobre-las-instalaciones-de-video-in-case-y-cordon-sanitaire\/"},"modified":"2024-03-19T10:41:16","modified_gmt":"2024-03-19T10:41:16","slug":"entrevista-sobre-las-instalaciones-de-video-in-case-y-cordon-sanitaire","status":"publish","type":"post","link":"https:\/\/casparberger.com\/es\/vistas\/entrevista-sobre-las-instalaciones-de-video-in-case-y-cordon-sanitaire\/","title":{"rendered":"Entrevista sobre las instalaciones de v\u00eddeo In Case y Cordon Sanitaire"},"content":{"rendered":"\n<p><strong>El periodista de NRC Arjan Ribbens visit\u00f3 a Caspar Berger en su estudio y le entrevist\u00f3 sobre sus nuevas instalaciones de v\u00eddeo In Case y Cordon Sanitaire.<\/strong><\/p>\n\n<blockquote class=\"wp-block-quote is-layout-flow wp-block-quote-is-layout-flow\">\n<p><strong>&#8220;<em>Utilizo mi cuerpo como veh\u00edculo de ideas&#8221;.<\/em><\/strong><\/p>\n<cite><strong><em>&#8211; Caspar Berger<\/em><\/strong><\/cite><\/blockquote>\n\n<p>Este art\u00edculo sobre las videoinstalaciones In Case y Cordon Sanitaire apareci\u00f3 en el Suplemento Cultural del jueves 28 de mayo de 2020.  <\/p>\n\n<h2 class=\"wp-block-heading\">Videoinstalaci\u00f3n sobre Donald Trump<\/h2>\n\n<p>Arjan Ribbens visit\u00f3 a Caspar Berger en su estudio de \u00c1msterdam durante el primer cierre corona. All\u00ed, Casper le muestra su videoinstalaci\u00f3n <a href=\"https:\/\/casparberger.com\/es\/universo\/en-caso\/\" data-type=\"post\" data-id=\"2723\">In Case<\/a>, sobre el presidente estadounidense Donald Trump. Ribbens tambi\u00e9n vio <a href=\"https:\/\/casparberger.com\/es\/universo\/cordon-sanitario\/\" data-type=\"post\" data-id=\"2749\">Cordon Sanitaire<\/a>, la videoinstalaci\u00f3n en la que Caspar est\u00e1 trabajando actualmente.<\/p>\n\n<h2 class=\"wp-block-heading\">Instalaci\u00f3n de v\u00eddeo sobre los discursos de coronaci\u00f3n de los l\u00edderes de la UE<\/h2>\n\n<p>La videoinstalaci\u00f3n <em>Cordon Sanitaire<\/em> muestra extractos de los discursos de coronaci\u00f3n de los 27 l\u00edderes de la UE de principios de la d\u00e9cada de 2020. En estos discursos, los l\u00edderes de la UE anunciaron sus medidas corona. En <em>Cordon Sanitaire<\/em>, los discursos comienzan poco despu\u00e9s uno tras otro, sobre c\u00f3mo se est\u00e1 propagando el Coronavirus en Europa. Incluso en el sonido que acompa\u00f1a al v\u00eddeo, las voces se suceden r\u00e1pidamente. El texto de los primeros oradores a\u00fan puede entenderse, pero pronto los numerosos oradores se ahogan unos a otros. Esto crea un paisaje sonoro que envuelve completamente al espectador. Escuchar\u00e1 dos palabras recurrentes a lo largo de los 27 discursos: &#8220;corona&#8221; y &#8220;solidaridad&#8221;. Pero, \u00bfd\u00f3nde est\u00e1 esa solidaridad?<\/p>\n\n<blockquote class=\"wp-block-quote is-layout-flow wp-block-quote-is-layout-flow\">\n<p>&#8220;En el momento en que en Europa tenemos que luchar al un\u00edsono contra una crisis, siempre se hace lo contrario: cerrar las fronteras y poseer primero a las personas.<\/p>\n<cite>&#8211; Caspar Berger<\/cite><\/blockquote>\n\n<p class=\"has-small-font-size\"><em><a href=\"https:\/\/casparberger.com\/wp-content\/uploads\/2024\/03\/casparberger-nrc.pdf\" data-type=\"link\" data-id=\"https:\/\/casparberger.com\/wp-content\/uploads\/2024\/03\/casparberger-nrc.pdf\">Lea la entrevista completa de la NRC con Caspar Berger (pdf)<\/a><\/em><\/p>\n\n<p class=\"has-small-font-size\"><a href=\"https:\/\/www.nrc.nl\/nieuws\/2020\/05\/27\/ik-gebruik-mijn-lichaam-als-voertuig-voor-ideeen-a4001026\" data-type=\"link\" data-id=\"https:\/\/www.nrc.nl\/nieuws\/2020\/05\/27\/ik-gebruik-mijn-lichaam-als-voertuig-voor-ideeen-a4001026\" target=\"_blank\" rel=\"noopener\"><em>Lea la entrevista sobre Caspar Berger en el sitio web de la NRC<\/em><\/a><\/p>\n","protected":false},"excerpt":{"rendered":"<p>El periodista de NRC Arjan Ribbens visit\u00f3 a Caspar Berger en su estudio y le entrevist\u00f3 sobre sus nuevas instalaciones de v\u00eddeo In Case y Cordon Sanitaire. &#8220;Utilizo mi cuerpo como veh\u00edculo de ideas&#8221;. &#8211; Caspar Berger Este art\u00edculo sobre las videoinstalaciones In Case y Cordon Sanitaire apareci\u00f3 en el Suplemento Cultural del jueves 28 [&hellip;]<\/p>\n","protected":false},"author":1,"featured_media":10640,"comment_status":"open","ping_status":"open","sticky":false,"template":"","format":"standard","meta":{"_acf_changed":false,"footnotes":""},"categories":[172],"tags":[],"acf":[],"jetpack_featured_media_url":"https:\/\/casparberger.com\/wp-content\/uploads\/2024\/03\/cordon-sanitaire-1-1.webp","_links":{"self":[{"href":"https:\/\/casparberger.com\/es\/wp-json\/wp\/v2\/posts\/10651"}],"collection":[{"href":"https:\/\/casparberger.com\/es\/wp-json\/wp\/v2\/posts"}],"about":[{"href":"https:\/\/casparberger.com\/es\/wp-json\/wp\/v2\/types\/post"}],"author":[{"embeddable":true,"href":"https:\/\/casparberger.com\/es\/wp-json\/wp\/v2\/users\/1"}],"replies":[{"embeddable":true,"href":"https:\/\/casparberger.com\/es\/wp-json\/wp\/v2\/comments?post=10651"}],"version-history":[{"count":5,"href":"https:\/\/casparberger.com\/es\/wp-json\/wp\/v2\/posts\/10651\/revisions"}],"predecessor-version":[{"id":10943,"href":"https:\/\/casparberger.com\/es\/wp-json\/wp\/v2\/posts\/10651\/revisions\/10943"}],"wp:featuredmedia":[{"embeddable":true,"href":"https:\/\/casparberger.com\/es\/wp-json\/wp\/v2\/media\/10640"}],"wp:attachment":[{"href":"https:\/\/casparberger.com\/es\/wp-json\/wp\/v2\/media?parent=10651"}],"wp:term":[{"taxonomy":"category","embeddable":true,"href":"https:\/\/casparberger.com\/es\/wp-json\/wp\/v2\/categories?post=10651"},{"taxonomy":"post_tag","embeddable":true,"href":"https:\/\/casparberger.com\/es\/wp-json\/wp\/v2\/tags?post=10651"}],"curies":[{"name":"wp","href":"https:\/\/api.w.org\/{rel}","templated":true}]}}