{"id":13595,"date":"2024-07-22T22:30:00","date_gmt":"2024-07-22T22:30:00","guid":{"rendered":"https:\/\/casparberger.com\/unkategorisiert\/25-jahre-schaffen-vier-kapitel-ein-buch-evenbeeld\/"},"modified":"2025-02-18T20:11:17","modified_gmt":"2025-02-18T20:11:17","slug":"25-jahre-schaffen-vier-kapitel-ein-buch-evenbeeld","status":"publish","type":"post","link":"https:\/\/casparberger.com\/de\/nachrichten\/25-jahre-schaffen-vier-kapitel-ein-buch-evenbeeld\/","title":{"rendered":"25 Jahre Schaffen, vier Kapitel, ein Buch: EVENBEELD"},"content":{"rendered":"\n<p>Gemeinsam mit sehr talentierten Leuten haben wir versucht, 25 Jahre meiner k\u00fcnstlerischen Praxis in einem Buch festzuhalten. Vier Kapitel, vier Sprachen, viele sorgf\u00e4ltig ausgew\u00e4hlte W\u00f6rter und mehr als 230 Bilder sp\u00e4ter, hier ist \ud835\uddd8\ud835\udde9\ud835\uddd8\ud835\udde1\ud835\uddd5\ud835\uddd8\ud835\uddd8\ud835\udddf\ud835\uddd7 \/ \ud835\udddf\ud835\udddc\ud835\uddde\ud835\uddd8\ud835\udde1\ud835\uddd8\ud835\udde6\ud835\udde6 \/ \ud835\udde5\ud835\uddd8\ud835\uddd9\ud835\udddf\ud835\uddd8\ud835\udde7\ud835\udde6 \/ \ud835\udde5\ud835\uddd8\ud835\uddd9\ud835\udddf\ud835\uddd8\ud835\udddd\ud835\udde2\ud835\udde6.<\/p>\n\n<p>Vielen Dank noch einmal an den nai010 Verlag, die Autoren Frits Scholten, Joke de Wolf, Jan Teeuwisse, Annick Vroom, die Druckerei NPN Printers, die Fotografen Erik und Petra Hesmerg, die Designer Haico Beukers und Marga Scholma, den Lithographen Marc Gijzen und alle anderen, die hart daran gearbeitet haben, dieses Buch Wirklichkeit werden zu lassen.<\/p>\n\n<p>Sie k\u00f6nnen das Buch auf <a href=\"https:\/\/www.nai010.com\/en\/product\/caspar-berger-dutch\/\" target=\"_blank\" rel=\"noreferrer noopener\">Niederl\u00e4ndisch<\/a> und <a href=\"https:\/\/www.nai010.com\/en\/product\/caspar-berger-english\/\" target=\"_blank\" rel=\"noreferrer noopener\">Englisch<\/a> \u00fcber nai010 publishers bestellen. F\u00fcr ein spanisches oder franz\u00f6sisches Buch schicken Sie mir bitte eine Nachricht \u00fcber das Kontaktformular.<\/p>\n","protected":false},"excerpt":{"rendered":"<p>Gemeinsam mit sehr talentierten Leuten haben wir versucht, 25 Jahre meiner k\u00fcnstlerischen Praxis in einem Buch festzuhalten. Vier Kapitel, vier Sprachen, viele sorgf\u00e4ltig ausgew\u00e4hlte W\u00f6rter und mehr als 230 Bilder sp\u00e4ter, hier ist \ud835\uddd8\ud835\udde9\ud835\uddd8\ud835\udde1\ud835\uddd5\ud835\uddd8\ud835\uddd8\ud835\udddf\ud835\uddd7 \/ \ud835\udddf\ud835\udddc\ud835\uddde\ud835\uddd8\ud835\udde1\ud835\uddd8\ud835\udde6\ud835\udde6 \/ \ud835\udde5\ud835\uddd8\ud835\uddd9\ud835\udddf\ud835\uddd8\ud835\udde7\ud835\udde6 \/ \ud835\udde5\ud835\uddd8\ud835\uddd9\ud835\udddf\ud835\uddd8\ud835\udddd\ud835\udde2\ud835\udde6. Vielen Dank noch einmal an den nai010 Verlag, die Autoren Frits Scholten, Joke de Wolf, [&hellip;]<\/p>\n","protected":false},"author":2,"featured_media":13604,"comment_status":"open","ping_status":"open","sticky":false,"template":"","format":"standard","meta":{"_acf_changed":false,"footnotes":""},"categories":[185],"tags":[112,191,192,193,194],"acf":[],"jetpack_featured_media_url":"https:\/\/casparberger.com\/wp-content\/uploads\/2025\/02\/Caspar-Berger-EVENBEELD-cover.jpg","_links":{"self":[{"href":"https:\/\/casparberger.com\/de\/wp-json\/wp\/v2\/posts\/13595"}],"collection":[{"href":"https:\/\/casparberger.com\/de\/wp-json\/wp\/v2\/posts"}],"about":[{"href":"https:\/\/casparberger.com\/de\/wp-json\/wp\/v2\/types\/post"}],"author":[{"embeddable":true,"href":"https:\/\/casparberger.com\/de\/wp-json\/wp\/v2\/users\/2"}],"replies":[{"embeddable":true,"href":"https:\/\/casparberger.com\/de\/wp-json\/wp\/v2\/comments?post=13595"}],"version-history":[{"count":3,"href":"https:\/\/casparberger.com\/de\/wp-json\/wp\/v2\/posts\/13595\/revisions"}],"predecessor-version":[{"id":13634,"href":"https:\/\/casparberger.com\/de\/wp-json\/wp\/v2\/posts\/13595\/revisions\/13634"}],"wp:featuredmedia":[{"embeddable":true,"href":"https:\/\/casparberger.com\/de\/wp-json\/wp\/v2\/media\/13604"}],"wp:attachment":[{"href":"https:\/\/casparberger.com\/de\/wp-json\/wp\/v2\/media?parent=13595"}],"wp:term":[{"taxonomy":"category","embeddable":true,"href":"https:\/\/casparberger.com\/de\/wp-json\/wp\/v2\/categories?post=13595"},{"taxonomy":"post_tag","embeddable":true,"href":"https:\/\/casparberger.com\/de\/wp-json\/wp\/v2\/tags?post=13595"}],"curies":[{"name":"wp","href":"https:\/\/api.w.org\/{rel}","templated":true}]}}