{"id":12657,"date":"2024-03-18T13:33:35","date_gmt":"2024-03-18T13:33:35","guid":{"rendered":"https:\/\/casparberger.com\/unkategorisiert\/interview-zu-den-videoinstallationen-in-case-und-cordon-sanitaire\/"},"modified":"2024-04-12T12:09:59","modified_gmt":"2024-04-12T12:09:59","slug":"interview-zu-den-videoinstallationen-in-case-und-cordon-sanitaire","status":"publish","type":"post","link":"https:\/\/casparberger.com\/de\/nachrichten\/interview-zu-den-videoinstallationen-in-case-und-cordon-sanitaire\/","title":{"rendered":"Interview zu den Videoinstallationen In Case und Cordon Sanitaire"},"content":{"rendered":"\n<p><strong>Der NRC-Journalist Arjan Ribbens hat Caspar Berger in seinem Studio besucht und ihn zu seinen neuen Videoinstallationen In Case und Cordon Sanitaire befragt.<\/strong><\/p>\n\n<blockquote class=\"wp-block-quote is-layout-flow wp-block-quote-is-layout-flow\">\n<p><strong>&#8220;<em>Ich benutze meinen K\u00f6rper als Vehikel f\u00fcr Ideen&#8221;.<\/em><\/strong><\/p>\n<cite><strong><em>&#8211; Caspar Berger<\/em><\/strong><\/cite><\/blockquote>\n\n<p>Dieser Artikel \u00fcber die Videoinstallationen In Case und Cordon Sanitaire erschien in der Kulturbeilage vom Donnerstag, 28. Mai 2020.  <\/p>\n\n<h2 class=\"wp-block-heading\">Videoinstallation \u00fcber Donald Trump<\/h2>\n\n<p>Arjan Ribbens besuchte Caspar Berger in seinem Atelier in Amsterdam w\u00e4hrend des ersten Corona-Lockdowns. Dort zeigt Casper ihm seine Videoinstallation <a href=\"https:\/\/casparberger.com\/de\/universum\/im-fall\/\" data-type=\"post\" data-id=\"2723\">In Case<\/a> \u00fcber US-Pr\u00e4sident Donald Trump. Ribbens sah auch <a href=\"https:\/\/casparberger.com\/de\/universum\/cordon-sanitaire\/\" data-type=\"post\" data-id=\"2749\">Cordon Sanitaire<\/a>, die Videoinstallation, an der Caspar derzeit arbeitet.<\/p>\n\n<h2 class=\"wp-block-heading\">Videoinstallation zu den Korona-Reden der EU-Staats- und Regierungschefs<\/h2>\n\n<p>Die Videoinstallation <em>Cordon Sanitaire<\/em> zeigt Ausschnitte aus den Korona-Reden der 27 EU-Staats- und Regierungschefs aus den fr\u00fchen 2020er Jahren. In diesen Reden k\u00fcndigten die Staats- und Regierungschefs der EU ihre Korona-Ma\u00dfnahmen an. In <em>Cordon Sanitaire<\/em> beginnen die Reden kurz nacheinander mit der Ausbreitung des Coronavirus in Europa. Sogar im Begleitton des Videos folgen die Stimmen schnell aufeinander. Der Text der ersten Sprecher ist noch zu verstehen, aber bald \u00fcbert\u00f6nen sich die vielen Sprecher gegenseitig. So entsteht eine Klanglandschaft, die den Betrachter vollst\u00e4ndig umgibt. Zwei Worte werden Sie in den 27 Reden immer wieder h\u00f6ren: &#8220;Corona&#8221; und &#8220;Solidarit\u00e4t&#8221;. Aber wo bleibt diese Solidarit\u00e4t?<\/p>\n\n<blockquote class=\"wp-block-quote is-layout-flow wp-block-quote-is-layout-flow\">\n<p>&#8220;In dem Moment, in dem wir in Europa gemeinsam gegen eine Krise ank\u00e4mpfen m\u00fcssen, passiert immer das Gegenteil: die Grenzen werden geschlossen, und die eigenen Leute zuerst.<\/p>\n<cite>&#8211; Caspar Berger<\/cite><\/blockquote>\n\n<p class=\"has-small-font-size\"><em><a href=\"https:\/\/casparberger.com\/wp-content\/uploads\/2024\/03\/casparberger-nrc.pdf\" data-type=\"link\" data-id=\"https:\/\/casparberger.com\/wp-content\/uploads\/2024\/03\/casparberger-nrc.pdf\">Lesen Sie das gesamte NRC-Interview mit Caspar Berger (pdf)<\/a><\/em><\/p>\n\n<p class=\"has-small-font-size\"><a href=\"https:\/\/www.nrc.nl\/nieuws\/2020\/05\/27\/ik-gebruik-mijn-lichaam-als-voertuig-voor-ideeen-a4001026\" data-type=\"link\" data-id=\"https:\/\/www.nrc.nl\/nieuws\/2020\/05\/27\/ik-gebruik-mijn-lichaam-als-voertuig-voor-ideeen-a4001026\" target=\"_blank\" rel=\"noopener\"><em>Lesen Sie das Interview \u00fcber Caspar Berger auf der NRC-Website<\/em><\/a><\/p>\n","protected":false},"excerpt":{"rendered":"<p>Der NRC-Journalist Arjan Ribbens hat Caspar Berger in seinem Studio besucht und ihn zu seinen neuen Videoinstallationen In Case und Cordon Sanitaire befragt. &#8220;Ich benutze meinen K\u00f6rper als Vehikel f\u00fcr Ideen&#8221;. &#8211; Caspar Berger Dieser Artikel \u00fcber die Videoinstallationen In Case und Cordon Sanitaire erschien in der Kulturbeilage vom Donnerstag, 28. Mai 2020. Videoinstallation \u00fcber [&hellip;]<\/p>\n","protected":false},"author":1,"featured_media":12660,"comment_status":"open","ping_status":"open","sticky":false,"template":"","format":"standard","meta":{"_acf_changed":false,"footnotes":""},"categories":[185],"tags":[],"acf":[],"jetpack_featured_media_url":"https:\/\/casparberger.com\/wp-content\/uploads\/2024\/03\/cordon-sanitaire-1-1.webp","_links":{"self":[{"href":"https:\/\/casparberger.com\/de\/wp-json\/wp\/v2\/posts\/12657"}],"collection":[{"href":"https:\/\/casparberger.com\/de\/wp-json\/wp\/v2\/posts"}],"about":[{"href":"https:\/\/casparberger.com\/de\/wp-json\/wp\/v2\/types\/post"}],"author":[{"embeddable":true,"href":"https:\/\/casparberger.com\/de\/wp-json\/wp\/v2\/users\/1"}],"replies":[{"embeddable":true,"href":"https:\/\/casparberger.com\/de\/wp-json\/wp\/v2\/comments?post=12657"}],"version-history":[{"count":3,"href":"https:\/\/casparberger.com\/de\/wp-json\/wp\/v2\/posts\/12657\/revisions"}],"predecessor-version":[{"id":12822,"href":"https:\/\/casparberger.com\/de\/wp-json\/wp\/v2\/posts\/12657\/revisions\/12822"}],"wp:featuredmedia":[{"embeddable":true,"href":"https:\/\/casparberger.com\/de\/wp-json\/wp\/v2\/media\/12660"}],"wp:attachment":[{"href":"https:\/\/casparberger.com\/de\/wp-json\/wp\/v2\/media?parent=12657"}],"wp:term":[{"taxonomy":"category","embeddable":true,"href":"https:\/\/casparberger.com\/de\/wp-json\/wp\/v2\/categories?post=12657"},{"taxonomy":"post_tag","embeddable":true,"href":"https:\/\/casparberger.com\/de\/wp-json\/wp\/v2\/tags?post=12657"}],"curies":[{"name":"wp","href":"https:\/\/api.w.org\/{rel}","templated":true}]}}